{"id":65290,"date":"2024-12-16T05:28:05","date_gmt":"2024-12-16T04:28:05","guid":{"rendered":"https:\/\/bogblogger.dk\/?p=65290"},"modified":"2024-12-15T11:24:59","modified_gmt":"2024-12-15T10:24:59","slug":"helle-malmvig-glemmer-jeg","status":"publish","type":"post","link":"https:\/\/bogblogger.dk\/?p=65290","title":{"rendered":"Helle Malmvig: Glemmer jeg"},"content":{"rendered":"<p><img decoding=\"async\" class=\"alignnone size-medium wp-image-65825\" src=\"https:\/\/bogblogger.dk\/wp-content\/uploads\/glemmerjeg-202x300.png\" width=\"150\" align=\"left\" hspace=\"10\" srcset=\"https:\/\/bogblogger.dk\/wp-content\/uploads\/glemmerjeg-202x300.png 202w, https:\/\/bogblogger.dk\/wp-content\/uploads\/glemmerjeg-101x150.png 101w, https:\/\/bogblogger.dk\/wp-content\/uploads\/glemmerjeg.png 336w\" sizes=\"(max-width: 202px) 100vw, 202px\" \/>Magel\u00f8s debut af Helle Malmvig. Den bedste bog, jeg har l\u00e6st i \u00e5r!<\/p>\n<p>Julie vokser op i et hjem i Hellerup med b\u00f8ger, klassisk musik og dannelse. Udadtil en god opv\u00e6kst, men bag hjemmets v\u00e6gge foreg\u00e5r uhyrlige h\u00e6ndelser, der dukker op som brudstykker i voksenlivet og f\u00e5r hende til at flygte fra sig selv og sin familie.<\/p>\n<p>S\u00e5dan skriver forlaget om denne autofiktive debutroman.<\/p>\n<p>Debatten om bogen har drejet sig meget om klasseperspektiv, og hvem der har mest ret til at tale om en traumatisk barndom, da forfatteren tidligere udgav et digt p\u00e5 forsiden af Weekendavisen med titlen: \u201dEr jeg berettiget til en traumatisk barndom, Glenn Bech?\u201d<\/p>\n<p>Men som l\u00e6ser finder jeg diskussionen om klasseperspektivet sekund\u00e6r. Romanen handler om s\u00e5 meget andet.<\/p>\n<p>Den handler om, hvordan vores barndom kan p\u00e5virke os langt ind i voksenlivet, hvordan erindringen kan v\u00e6re en utilregnelig st\u00f8rrelse, og om det er, hvad vi husker, eller hvad vi glemmer, der g\u00f8r os til dem, vi er.<\/p>\n<p>Den handler om, at kroppen ofte husker d\u00e9t, sindet fortr\u00e6nger, om adf\u00e6rdsm\u00f8nstre, og om hvordan vi som mennesker kan v\u00e6nne os til det meste, hvis alle omkring os agerer, som om det er helt normalt.<\/p>\n<p><!--more--><\/p>\n<p>Og selvom historien og de enkelte episoder er meget personlige, er de refleksioner, forfatteren g\u00f8r sig, b\u00e5de som barn og voksen, genkendelige.<\/p>\n<p>For eksempel n\u00e5r hun reflekterer over omgivelserne.<\/p>\n<p>Hun beskriver p\u00e5 et tidspunkt en situation, hvor hendes far har taget hende p\u00e5 sk\u00f8det: <em>\u201dFars h\u00e6nder begynder at kravle op og ned ad mine l\u00e5r, hen til maven og nu ved brysterne, k\u00f8rer h\u00e6nderne i cirkler, \u00e6lter og maser, han sm\u00e5griner imens (\u2026) jeg stirrer frem p\u00e5 farmor og farfar og mor, der sidder lige over for mig i sofaen, de siger vel noget, hvis det er forkert (\u2026) men de snakker videre med ord, jeg ikke l\u00e6ngere kan h\u00f8re (\u2026)\u201d.<\/em><\/p>\n<p>Eller n\u00e5r hun som barn s\u00f8ger tilflugt p\u00e5 biblioteket og g\u00e5r rundt og hj\u00e6lper bibliotekaren; <em>\u201dJeg g\u00e5r rundt lige bag hende og h\u00e5ber, hun vil tale med mig og m\u00e5ske sp\u00f8rge mig om noget. Selvom jeg ikke helt ved, hvad det er, jeg vil have, hun skal sp\u00f8rge mig om, eller hvad jeg vil svare, hvis hun spurgte\u201d.<\/em><\/p>\n<p>Eller n\u00e5r hun reflekterer over, om hukommelsen er p\u00e5lidelig; <em>\u201dEller, n\u00e5r jeg nu fort\u00e6ller dig om det, bliver jeg i tvivl. Var det lige pr\u00e6cis den dag, eller er det noget, min hukommelse senere har fundet p\u00e5? Det g\u00f8r hukommelsen jo, s\u00e6tter to forskellige begivenheder sammen til et forl\u00f8b, lige s\u00e5 stille udfylder den huller, binder ting sammen og tager andre v\u00e6k\u201d.<\/em><\/p>\n<p>Jeg kunne blive ved med at citere fra bogen. Helle Malmvig skriver fantastisk og bogens opbygning st\u00e5r samtidig i perfekt kongruens med fort\u00e6llingen. Kapitlerne skifter mellem barndommen og voksenlivet, og de illustrerer den distance, hun som voksen har skabt til sig selv som barn.<\/p>\n<p>Det understreges yderligere af, at hun omtaler sig selv i tredjeperson som barn \u2013 \u201dpigen\u201d.<\/p>\n<p><em>\u201dHende, som var n\u00f8dt til at d\u00f8, for at jeg kunne leve\u201d. <\/em><\/p>\n<p>Men bogens voksne hovedperson Julie kunne alligevel ikke leve, f\u00f8r hun igen skabte forbindelse til sin fortid og til sig selv som barn. Sp\u00f8rgsm\u00e5let er, om forsoningen mellem de to bliver svaret p\u00e5 hendes udfordringer.<\/p>\n<p>Fantastisk roman. Snyd ikke dig selv for denne l\u00e6seoplevelse.<\/p>\n<p>Romanen er til dig, der kan lide Alex Schulman, Morten Pape, Edouard Louis, Delphine de Vigan og Glenn Bech.<\/p>\n<p><em>Helle Malmvig: Glemmer jeg, Forlaget 28b, oktober 2024, 320 sider.<\/em><\/p>\n","protected":false},"excerpt":{"rendered":"<p>Magel\u00f8s debut af Helle Malmvig. Den bedste bog, jeg har l\u00e6st i \u00e5r!<br \/>\nJulie vokser op i et hjem i Hellerup med b\u00f8ger, klassisk musik og dannelse. Udadtil en god opv\u00e6kst, men bag hjemmets v\u00e6gge foreg\u00e5r &#8230;<\/p>\n","protected":false},"author":24,"featured_media":0,"comment_status":"closed","ping_status":"closed","sticky":false,"template":"","format":"standard","meta":{"footnotes":""},"categories":[32],"tags":[],"class_list":["post-65290","post","type-post","status-publish","format-standard","hentry","category-roman"],"_links":{"self":[{"href":"https:\/\/bogblogger.dk\/index.php?rest_route=\/wp\/v2\/posts\/65290","targetHints":{"allow":["GET"]}}],"collection":[{"href":"https:\/\/bogblogger.dk\/index.php?rest_route=\/wp\/v2\/posts"}],"about":[{"href":"https:\/\/bogblogger.dk\/index.php?rest_route=\/wp\/v2\/types\/post"}],"author":[{"embeddable":true,"href":"https:\/\/bogblogger.dk\/index.php?rest_route=\/wp\/v2\/users\/24"}],"replies":[{"embeddable":true,"href":"https:\/\/bogblogger.dk\/index.php?rest_route=%2Fwp%2Fv2%2Fcomments&post=65290"}],"version-history":[{"count":2,"href":"https:\/\/bogblogger.dk\/index.php?rest_route=\/wp\/v2\/posts\/65290\/revisions"}],"predecessor-version":[{"id":65826,"href":"https:\/\/bogblogger.dk\/index.php?rest_route=\/wp\/v2\/posts\/65290\/revisions\/65826"}],"wp:attachment":[{"href":"https:\/\/bogblogger.dk\/index.php?rest_route=%2Fwp%2Fv2%2Fmedia&parent=65290"}],"wp:term":[{"taxonomy":"category","embeddable":true,"href":"https:\/\/bogblogger.dk\/index.php?rest_route=%2Fwp%2Fv2%2Fcategories&post=65290"},{"taxonomy":"post_tag","embeddable":true,"href":"https:\/\/bogblogger.dk\/index.php?rest_route=%2Fwp%2Fv2%2Ftags&post=65290"}],"curies":[{"name":"wp","href":"https:\/\/api.w.org\/{rel}","templated":true}]}}