{"id":58777,"date":"2022-12-22T06:50:12","date_gmt":"2022-12-22T05:50:12","guid":{"rendered":"https:\/\/bogblogger.dk\/?p=58777"},"modified":"2022-12-19T18:00:04","modified_gmt":"2022-12-19T17:00:04","slug":"glenn-bech-jeg-anerkender-ikke-laengere-jeres-autoritet","status":"publish","type":"post","link":"https:\/\/bogblogger.dk\/?p=58777","title":{"rendered":"Glenn Bech: Jeg anerkender ikke l\u00e6ngere jeres autoritet"},"content":{"rendered":"<p><img decoding=\"async\" src=\"https:\/\/bogblogger.dk\/wp-content\/uploads\/glenn-206x300.png\" align=left hspace=10 width=150><em>Jeg anerkender ikke l\u00e6ngere jeres autoritet<\/em> udkom i september og mange har derfor allerede l\u00e6st bogen eller l\u00e6st om bogen. Det er forfatter og psykolog Glenn Bechs vrede, indignerede og til tider s\u00e5rbare manifest. Ved f\u00f8rste \u00f8jekast ligner det digte i sin opstilling, men digte i traditionel forstand er det ikke. Det er mest af alt energifyldte tekster, der er tydelige og lette at l\u00e6se. Jeg blev med det samme fanget og l\u00e6ste de f\u00f8rste 40 sider st\u00e5ende i k\u00f8kkenet, da jeg lige havde modtaget bogen. <\/p>\n<p>Det er et manifest om klasse, om k\u00f8n og om seksualitet. Og om at sprog er magt. Det er ogs\u00e5 et manifest om lige muligheder eller mangel p\u00e5 samme, om identitet og om at tage afstand til sin opv\u00e6kst. Og s\u00e5 er det et manifest om at f\u00f8le sig forkert, om ulighed i sundhed og en kritik af venstrefl\u00f8jen, der slet ikke er s\u00e5 rummelig som den giver sig ud for at v\u00e6re. Det er nemt at v\u00e6re rummelig og inkluderende, s\u00e5 l\u00e6nge de andre ligner en selv. <!--more--><\/p>\n<p>Jeg er vild med vreden, indignationen og energien. Det er sv\u00e6rt som l\u00e6ser ikke at blive ekstra bevidst om mit eget sprog, min egen position, min egen opv\u00e6kst. Min klasse, min indflydelse og min magt. Det jeg har giftet mig til. For ikke at n\u00e6vne mine privilegier &#8211; eller mine b\u00f8rns for den sags skyld. <\/p>\n<p>Det er et klogt manifest, og man b\u00f8r give det i gave til alle privilegieblinde fra den yderste h\u00f8jrefl\u00f8j til den yderste venstrefl\u00f8j. Jeg vil pushe bogen p\u00e5 min 18 \u00e5rige s\u00f8de, kvikke, oplyste, men ogs\u00e5 til tider totalt hovedet-oppe-i-egen-r\u00f8v privilegieblinde s\u00f8n. Bogen prikker og skubber de rigtige steder. Vi kan alle blive lidt klogere. <\/p>\n<p>Glenn Bech (f. 1991 i Horsens) er uddannet psykolog og uddannet fra Forfatterskolen. Han debuterede med <em>Farskibet<\/em> i 2021 for hvilken han har vundet Munch-Christensens Debutantpris, Albert Dams Mindelegat og Blixenprisen for \u00e5rets roman. <\/p>\n<p><em>Glenn Bech, Jeg anerkender ikke l\u00e6ngere jeres autoritet, Gyldendal, September 2022, 330 sider. <\/em><\/p>\n","protected":false},"excerpt":{"rendered":"<p>Jeg anerkender ikke l\u00e6ngere jeres autoritet udkom i september og mange har derfor allerede l\u00e6st bogen eller l\u00e6st om bogen. Det er forfatter og psykolog Glenn Bechs vrede, indignerede og til tider s\u00e5rbare manifest. Ved &#8230;<\/p>\n","protected":false},"author":19,"featured_media":0,"comment_status":"closed","ping_status":"closed","sticky":false,"template":"","format":"standard","meta":{"footnotes":""},"categories":[1589],"tags":[],"class_list":["post-58777","post","type-post","status-publish","format-standard","hentry","category-manifest"],"_links":{"self":[{"href":"https:\/\/bogblogger.dk\/index.php?rest_route=\/wp\/v2\/posts\/58777","targetHints":{"allow":["GET"]}}],"collection":[{"href":"https:\/\/bogblogger.dk\/index.php?rest_route=\/wp\/v2\/posts"}],"about":[{"href":"https:\/\/bogblogger.dk\/index.php?rest_route=\/wp\/v2\/types\/post"}],"author":[{"embeddable":true,"href":"https:\/\/bogblogger.dk\/index.php?rest_route=\/wp\/v2\/users\/19"}],"replies":[{"embeddable":true,"href":"https:\/\/bogblogger.dk\/index.php?rest_route=%2Fwp%2Fv2%2Fcomments&post=58777"}],"version-history":[{"count":13,"href":"https:\/\/bogblogger.dk\/index.php?rest_route=\/wp\/v2\/posts\/58777\/revisions"}],"predecessor-version":[{"id":58799,"href":"https:\/\/bogblogger.dk\/index.php?rest_route=\/wp\/v2\/posts\/58777\/revisions\/58799"}],"wp:attachment":[{"href":"https:\/\/bogblogger.dk\/index.php?rest_route=%2Fwp%2Fv2%2Fmedia&parent=58777"}],"wp:term":[{"taxonomy":"category","embeddable":true,"href":"https:\/\/bogblogger.dk\/index.php?rest_route=%2Fwp%2Fv2%2Fcategories&post=58777"},{"taxonomy":"post_tag","embeddable":true,"href":"https:\/\/bogblogger.dk\/index.php?rest_route=%2Fwp%2Fv2%2Ftags&post=58777"}],"curies":[{"name":"wp","href":"https:\/\/api.w.org\/{rel}","templated":true}]}}