{"id":50476,"date":"2021-02-07T07:37:57","date_gmt":"2021-02-07T06:37:57","guid":{"rendered":"https:\/\/bogblogger.dk\/?p=50476"},"modified":"2021-01-31T21:40:23","modified_gmt":"2021-01-31T20:40:23","slug":"ines-greipel-kampzonen","status":"publish","type":"post","link":"https:\/\/bogblogger.dk\/?p=50476","title":{"rendered":"Ines Greipel: Kampzonen"},"content":{"rendered":"<p><img decoding=\"async\" src=\"https:\/\/bogblogger.dk\/wp-content\/kampzonen-191x300.jpg\" align=left hspace=10 width=150>Da jeg var barn, var der to tysklande. Det er der p\u00e5 sin vis stadig, selvom genforeningen ligger mere end 30 \u00e5r tilbage i tiden. Den lande adskillelse var ikke kun geografisk, den gav ogs\u00e5 \u00f8st- og vesttyskerne to forskellige historiske og kulturelle bevidstheder. <\/p>\n<p>Det handlede ikke kun om demokrati vs diktatur, kapitalisme vs. Kommunisme, men ogs\u00e5 om hvordan man s\u00e5 p\u00e5 fortiden og bearbejdede traumerne og gerningerne fra 2. verdenskrig. Historie slutter aldrig, og den \u00f8sttyske erfaring betyder stadig noget, hvilket man kan forvisse sig om blot ved at se p\u00e5 stemmetallene til de tyske valg. I \u00f8st st\u00e5r det st\u00e6rkt indvandringskritiske AfD st\u00e6rkt, og ostalgie \u2013 l\u00e6ngslen efter det gamle \u00d8sttyskland \u2013 lever stadig. <!--more--><\/p>\n<p>Ines Greipel voksede op i Dresden, og via sin egen familiehistorie skriver hun om de \u00f8sttyske traumer og deres indvirken p\u00e5 nuv\u00e6rende generationer. Det begynder med hendes brors sygdom og d\u00f8d, og driver hende til at gent\u00e6nke familiens fortid og s\u00e5r. <\/p>\n<p>Greipels bedstef\u00e6dre var officer i SS under krigen. Den ene var udstationeret i Riga, hvad han pr\u00e6cist foretog sig har han aldrig delt med sine efterkommere, men som de fleste andre undgik han retsopg\u00f8ret efter krigen. Han var ikke vigtig nok. Efter krigen var han uvillig til at tale om det, sad bare i sin stol og havde mavesmerter. <\/p>\n<p>Greipels egen far tjente ogs\u00e5 et diktatur. Han var agent for Stasi, og rejste endda i Vesttyskland for at rapportere tilbage til sine overordnede. Heller ikke han havde efterf\u00f8lgende nogen udpr\u00e6get trang til at st\u00e5 ved sine handlinger, heller ikke da Greipel selv hoppede af til vesten kort inden murens fald. P\u00e5 den m\u00e5de er \u00d8sttysklands historie ogs\u00e5 historien om fortielser og manglende vilje til at tage opg\u00f8ret med fortiden. <\/p>\n<p>Det lever \u00f8sttyskerne med i dag, ogs\u00e5 dem der var for unge til at v\u00e6re med. De er f\u00f8dt af generationer af forn\u00e6gtere, og denne usunde kultur lever videre. At forst\u00e5 den, er en foruds\u00e6tning for at forst\u00e5 Tyskland i dag. Greipel fort\u00e6ller om historien og dens f\u00f8lger, og tegner et kort over DDR-tankegangen, s\u00e5 man forst\u00e5r hvordan det fungerede, og hvad konsekvenserne blev. Det er en utrolig interessant fremstilling af en tid og et folk, og ikke mindst en p\u00e5mindelse om, at vi alle sammen b\u00e6rer vores historie i os. Det er sv\u00e6rt at tackle, men vi kommer ikke videre hvis vi ikke t\u00f8r. <\/p>\n<p><em>Ines Greipel: Kampzonen. 298 sider, Jyllands-Postens forlag. Oversat af Jakob Levinsen, udkom 12. januar 2021<\/em><\/p>\n","protected":false},"excerpt":{"rendered":"<p>Da jeg var barn, var der to tysklande. Det er der p\u00e5 sin vis stadig, selvom genforeningen ligger mere end 30 \u00e5r tilbage i tiden. Den lande adskillelse var ikke kun geografisk, den gav ogs\u00e5 &#8230;<\/p>\n","protected":false},"author":2,"featured_media":0,"comment_status":"closed","ping_status":"closed","sticky":false,"template":"","format":"standard","meta":{"footnotes":""},"categories":[32],"tags":[],"class_list":["post-50476","post","type-post","status-publish","format-standard","hentry","category-roman"],"_links":{"self":[{"href":"https:\/\/bogblogger.dk\/index.php?rest_route=\/wp\/v2\/posts\/50476","targetHints":{"allow":["GET"]}}],"collection":[{"href":"https:\/\/bogblogger.dk\/index.php?rest_route=\/wp\/v2\/posts"}],"about":[{"href":"https:\/\/bogblogger.dk\/index.php?rest_route=\/wp\/v2\/types\/post"}],"author":[{"embeddable":true,"href":"https:\/\/bogblogger.dk\/index.php?rest_route=\/wp\/v2\/users\/2"}],"replies":[{"embeddable":true,"href":"https:\/\/bogblogger.dk\/index.php?rest_route=%2Fwp%2Fv2%2Fcomments&post=50476"}],"version-history":[{"count":3,"href":"https:\/\/bogblogger.dk\/index.php?rest_route=\/wp\/v2\/posts\/50476\/revisions"}],"predecessor-version":[{"id":50480,"href":"https:\/\/bogblogger.dk\/index.php?rest_route=\/wp\/v2\/posts\/50476\/revisions\/50480"}],"wp:attachment":[{"href":"https:\/\/bogblogger.dk\/index.php?rest_route=%2Fwp%2Fv2%2Fmedia&parent=50476"}],"wp:term":[{"taxonomy":"category","embeddable":true,"href":"https:\/\/bogblogger.dk\/index.php?rest_route=%2Fwp%2Fv2%2Fcategories&post=50476"},{"taxonomy":"post_tag","embeddable":true,"href":"https:\/\/bogblogger.dk\/index.php?rest_route=%2Fwp%2Fv2%2Ftags&post=50476"}],"curies":[{"name":"wp","href":"https:\/\/api.w.org\/{rel}","templated":true}]}}