{"id":39263,"date":"2019-11-06T06:04:44","date_gmt":"2019-11-06T05:04:44","guid":{"rendered":"https:\/\/bogblogger.dk\/?p=39263"},"modified":"2019-10-29T15:04:56","modified_gmt":"2019-10-29T14:04:56","slug":"ane-riel-harpiks","status":"publish","type":"post","link":"https:\/\/bogblogger.dk\/?p=39263","title":{"rendered":"Ane Riel: Harpiks"},"content":{"rendered":"<p><img decoding=\"async\" src=\"https:\/\/bogblogger.dk\/wp-content\/harpiks.png\" align=left hspace=10 width=150>Ahmen alts\u00e5, t\u00e6nk at der skulle g\u00e5 s\u00e5 l\u00e6nge f\u00f8r jeg fik \u00f8jnene op for denne perle af en roman! Alle andre har l\u00e6st den med stor ros, og det forst\u00e5r jeg s\u00f8rme da godt. Hvis du er en af de f\u00e5, der endnu har l\u00e6seoplevelsen til gode, kan jeg friste dig med, at den er r\u00f8rende, sp\u00e6ndende, crazy, virkelig velskrevet og godt bygget op. <\/p>\n<p>Man kan tage fat i flere temaer i romanen. I starten af romanen er det s\u00e6rligt k\u00e6rlighed mellem b\u00f8rn og for\u00e6ldre der er i fokus, og k\u00e6rlighed til et fag\/et h\u00e5ndv\u00e6rk. Senere er det temaer som sorg, tab og sygdom, der fylder. Men ikke p\u00e5 en m\u00e5de, s\u00e5 det bliver tung l\u00e6sning. Slet ikke, man opdager knapt nok, at det handler om de emner. Det er virkelig godt skildret, jeg er begejstret og overrasket over m\u00e5den hun fort\u00e6ller historien p\u00e5. <!--more--><\/p>\n<p>&#8220;Det var m\u00f8rkt i det hvide v\u00e6relse, da min far slog min farmor ihjel. Jeg var der. Carl var der ogs\u00e5, men ham opdagede de aldrig. Alt var anderledes dengang. Det var f\u00f8r, min fars ting var begyndt at fylde s\u00e5 meget, at vi ikke l\u00e6ngere kunne komme ind i stuen. Og f\u00f8r min mor var blevet s\u00e5 stor, at hun ikke l\u00e6ngere kunne komme ud af sovev\u00e6relset. Men det var efter, at de havde meldt mig d\u00f8d, s\u00e5 slap jeg for at komme i skole.&#8221;<\/p>\n<p>Liv vokser op p\u00e5 en lille isoleret \u00f8 sammen med sine for\u00e6ldre. Hun er dygtig til at skyde med bue og pil, hun kan l\u00e6se, og hun elsker sine for\u00e6ldre. Hun har ingen j\u00e6vnaldrende venner og ingen kontakt med andre end sine for\u00e6ldre. N\u00e5r de holder jul hejses grantr\u00e6et op under loftet, for s\u00e5 er der plads til mange af de hjemmelavede pakker under tr\u00e6et. Liv vokser op i en k\u00e6rlig familie og trives. M\u00e5ske. For der mangler noget. Skolegang fx. Og andet er der for meget af, fx. ting og sager. Men hvad ved en pige om, hvad der er normalt og hvad der ikke er, n\u00e5r man ikke har oplevet andet?<\/p>\n<p>Og s\u00e5 er det en roman (som bagsideteksten ogs\u00e5 afsl\u00f8rer) om mord, angsten for at miste, paranoia og om utilsigtet ondskab. Harpiks er virkelig en fremragende roman. <\/p>\n<p>Ane Riel (f. 1971) har vundet Glasn\u00f8glen for Nordens bedste sp\u00e6ndingsroman. Og sp\u00e6ndende er n\u00e6rmest en underdrivelse. Ane Riel debuterede i 2013 med <em>Slagteren i Liseleje<\/em>. <em>Harpiks<\/em> er solgt til forel\u00f8big 21 lande og er filmatiseret med Sofie Gr\u00e5b\u00f8l i en af de b\u00e6rende roller. Filmen har premiere i Danmark til december. Om jeg skal se den? Ja det tror jeg nok!<\/p>\n<p><em>Ane Riel, Harpiks, Lindhardt og Ringhof 2019 (oprindeligt udkommet p\u00e5 Tiderne Skifter 2015), 235 sider, August 2019.<\/em><\/p>\n","protected":false},"excerpt":{"rendered":"<p>Ahmen alts\u00e5, t\u00e6nk at der skulle g\u00e5 s\u00e5 l\u00e6nge f\u00f8r jeg fik \u00f8jnene op for denne perle af en roman! Alle andre har l\u00e6st den med stor ros, og det forst\u00e5r jeg s\u00f8rme da godt. &#8230;<\/p>\n","protected":false},"author":19,"featured_media":0,"comment_status":"open","ping_status":"open","sticky":false,"template":"","format":"standard","meta":{"footnotes":""},"categories":[32],"tags":[],"class_list":["post-39263","post","type-post","status-publish","format-standard","hentry","category-roman"],"_links":{"self":[{"href":"https:\/\/bogblogger.dk\/index.php?rest_route=\/wp\/v2\/posts\/39263","targetHints":{"allow":["GET"]}}],"collection":[{"href":"https:\/\/bogblogger.dk\/index.php?rest_route=\/wp\/v2\/posts"}],"about":[{"href":"https:\/\/bogblogger.dk\/index.php?rest_route=\/wp\/v2\/types\/post"}],"author":[{"embeddable":true,"href":"https:\/\/bogblogger.dk\/index.php?rest_route=\/wp\/v2\/users\/19"}],"replies":[{"embeddable":true,"href":"https:\/\/bogblogger.dk\/index.php?rest_route=%2Fwp%2Fv2%2Fcomments&post=39263"}],"version-history":[{"count":7,"href":"https:\/\/bogblogger.dk\/index.php?rest_route=\/wp\/v2\/posts\/39263\/revisions"}],"predecessor-version":[{"id":39440,"href":"https:\/\/bogblogger.dk\/index.php?rest_route=\/wp\/v2\/posts\/39263\/revisions\/39440"}],"wp:attachment":[{"href":"https:\/\/bogblogger.dk\/index.php?rest_route=%2Fwp%2Fv2%2Fmedia&parent=39263"}],"wp:term":[{"taxonomy":"category","embeddable":true,"href":"https:\/\/bogblogger.dk\/index.php?rest_route=%2Fwp%2Fv2%2Fcategories&post=39263"},{"taxonomy":"post_tag","embeddable":true,"href":"https:\/\/bogblogger.dk\/index.php?rest_route=%2Fwp%2Fv2%2Ftags&post=39263"}],"curies":[{"name":"wp","href":"https:\/\/api.w.org\/{rel}","templated":true}]}}